{"id":2434,"date":"2019-03-20T16:27:00","date_gmt":"2019-03-20T15:27:00","guid":{"rendered":"http:\/\/goetzens-auf-reisen.com\/?p=2434"},"modified":"2020-07-10T17:10:05","modified_gmt":"2020-07-10T15:10:05","slug":"uitkyk-und-la-motte","status":"publish","type":"post","link":"https:\/\/goetzens-auf-reisen.com\/?p=2434","title":{"rendered":"Uitkyk und La Motte"},"content":{"rendered":"\n<p>Gesten haben wir uns ausgedacht, dass wir heute mal wieder eine Wanderung machen wollen. In der unmittelbaren N\u00e4he unserer Unterkunft beginnt eine Pass-Stra\u00dfe am Ende des Franschhoek-Tals. Schnell bringt uns die Stra\u00dfe mit einigen Spitzkehren auf die Passh\u00f6he und schon von hier bietet sich uns ein pr\u00e4chtiges Panorama zur\u00fcck ins Tal.<\/p>\n\n\n\n<figure class=\"wp-block-gallery columns-1 is-cropped wp-block-gallery-2 is-layout-flex wp-block-gallery-is-layout-flex\"><ul class=\"blocks-gallery-grid\"><li class=\"blocks-gallery-item\"><figure><a href=\"http:\/\/goetzens-auf-reisen.com\/wp-content\/uploads\/2020\/07\/IMG_2167.jpg\"><img loading=\"lazy\" decoding=\"async\" width=\"1024\" height=\"682\" src=\"http:\/\/goetzens-auf-reisen.com\/wp-content\/uploads\/2020\/07\/IMG_2167-1024x682.jpg\" alt=\"\" data-id=\"2437\" data-full-url=\"http:\/\/goetzens-auf-reisen.com\/wp-content\/uploads\/2020\/07\/IMG_2167.jpg\" data-link=\"http:\/\/goetzens-auf-reisen.com\/?attachment_id=2437\" class=\"wp-image-2437\" srcset=\"https:\/\/goetzens-auf-reisen.com\/wp-content\/uploads\/2020\/07\/IMG_2167-1024x682.jpg 1024w, https:\/\/goetzens-auf-reisen.com\/wp-content\/uploads\/2020\/07\/IMG_2167-300x200.jpg 300w, https:\/\/goetzens-auf-reisen.com\/wp-content\/uploads\/2020\/07\/IMG_2167-768x512.jpg 768w, https:\/\/goetzens-auf-reisen.com\/wp-content\/uploads\/2020\/07\/IMG_2167-1536x1024.jpg 1536w, https:\/\/goetzens-auf-reisen.com\/wp-content\/uploads\/2020\/07\/IMG_2167-2048x1365.jpg 2048w\" sizes=\"auto, (max-width: 767px) 89vw, (max-width: 1000px) 54vw, (max-width: 1071px) 543px, 580px\" \/><\/a><\/figure><\/li><\/ul><\/figure>\n\n\n\n<!--more-->\n\n\n\n<p>Da es noch ziemlich bedeckt ist und eher frischer, k\u00fchler Wind weht (und wir keine Jacken o.\u00e4. dabeihaben) fahren wir erst mal den Pass auf der anderen Seite wieder runter in Richtung des Stausees Theewaterskloof Dam. Das Tal auf dieser Seite bietet ein Bild der Zerst\u00f6rung durch Buschbr\u00e4nde, die noch nicht lange zur\u00fcckliegen k\u00f6nnen. Buschbr\u00e4nde kommen hier mit gro\u00dfer Regelm\u00e4\u00dfigkeit vor. Angeblich sind sie sogar erforderlich daf\u00fcr, dass die Fynbos-Vegetation \u00fcberhaupt in dieser Form existieren kann.<\/p>\n\n\n\n<p>Nach weniger als einer halben Stunde sind wir am Stausee, machen einen kurzen Fotostopp und fahren den Pass wieder hoch. Na ja: sooo wahnsinnig fotogen ist der See dann halt doch nicht. Au\u00dferdem ist der Wasserspiegel verd\u00e4chtig niedrig. Es muss vor einem Jahr noch viel weniger Wasser drin gewesen sein. Seit 4 Jahren ist es am Western Cape viel zu trocken!<\/p>\n\n\n\n<figure class=\"wp-block-gallery columns-1 is-cropped wp-block-gallery-3 is-layout-flex wp-block-gallery-is-layout-flex\"><ul class=\"blocks-gallery-grid\"><li class=\"blocks-gallery-item\"><figure><a href=\"http:\/\/goetzens-auf-reisen.com\/wp-content\/uploads\/2020\/07\/IMG_2138.jpg\"><img loading=\"lazy\" decoding=\"async\" width=\"1024\" height=\"682\" src=\"http:\/\/goetzens-auf-reisen.com\/wp-content\/uploads\/2020\/07\/IMG_2138-1024x682.jpg\" alt=\"\" data-id=\"2436\" data-full-url=\"http:\/\/goetzens-auf-reisen.com\/wp-content\/uploads\/2020\/07\/IMG_2138.jpg\" data-link=\"http:\/\/goetzens-auf-reisen.com\/?attachment_id=2436\" class=\"wp-image-2436\" srcset=\"https:\/\/goetzens-auf-reisen.com\/wp-content\/uploads\/2020\/07\/IMG_2138-1024x682.jpg 1024w, https:\/\/goetzens-auf-reisen.com\/wp-content\/uploads\/2020\/07\/IMG_2138-300x200.jpg 300w, https:\/\/goetzens-auf-reisen.com\/wp-content\/uploads\/2020\/07\/IMG_2138-768x512.jpg 768w, https:\/\/goetzens-auf-reisen.com\/wp-content\/uploads\/2020\/07\/IMG_2138-1536x1024.jpg 1536w, https:\/\/goetzens-auf-reisen.com\/wp-content\/uploads\/2020\/07\/IMG_2138-2048x1365.jpg 2048w\" sizes=\"auto, (max-width: 767px) 89vw, (max-width: 1000px) 54vw, (max-width: 1071px) 543px, 580px\" \/><\/a><figcaption class=\"blocks-gallery-item__caption\">Theewaterskloof Dam<\/figcaption><\/figure><\/li><\/ul><\/figure>\n\n\n\n<p>Auf der Passh\u00f6he befindet sich der Wanderparkplatz f\u00fcr das Naturreservat Mount Rochelle. Dieses UNESCO Biosph\u00e4ren-Reservat wartet mit \u00fcber 30 km Wanderwegen auf. Uns reichen heute die ca. 6 km des \u201eUitkyk-Trails\u201c, der uns in 1,5 Stunden auf einen der Berggipfel des Gebirgszugs f\u00fchrt, von dem wir einen sch\u00f6nen Rundblick haben und von dem aus uns das Nachbartal zu F\u00fc\u00dfen liegt.<\/p>\n\n\n\n<figure class=\"wp-block-gallery columns-1 is-cropped wp-block-gallery-4 is-layout-flex wp-block-gallery-is-layout-flex\"><ul class=\"blocks-gallery-grid\"><li class=\"blocks-gallery-item\"><figure><a href=\"http:\/\/goetzens-auf-reisen.com\/wp-content\/uploads\/2020\/07\/IMG_2180.jpg\"><img loading=\"lazy\" decoding=\"async\" width=\"1024\" height=\"682\" src=\"http:\/\/goetzens-auf-reisen.com\/wp-content\/uploads\/2020\/07\/IMG_2180-1024x682.jpg\" alt=\"\" data-id=\"2439\" data-full-url=\"http:\/\/goetzens-auf-reisen.com\/wp-content\/uploads\/2020\/07\/IMG_2180.jpg\" data-link=\"http:\/\/goetzens-auf-reisen.com\/?attachment_id=2439\" class=\"wp-image-2439\" srcset=\"https:\/\/goetzens-auf-reisen.com\/wp-content\/uploads\/2020\/07\/IMG_2180-1024x682.jpg 1024w, https:\/\/goetzens-auf-reisen.com\/wp-content\/uploads\/2020\/07\/IMG_2180-300x200.jpg 300w, https:\/\/goetzens-auf-reisen.com\/wp-content\/uploads\/2020\/07\/IMG_2180-768x512.jpg 768w, https:\/\/goetzens-auf-reisen.com\/wp-content\/uploads\/2020\/07\/IMG_2180-1536x1024.jpg 1536w, https:\/\/goetzens-auf-reisen.com\/wp-content\/uploads\/2020\/07\/IMG_2180-2048x1365.jpg 2048w\" sizes=\"auto, (max-width: 767px) 89vw, (max-width: 1000px) 54vw, (max-width: 1071px) 543px, 580px\" \/><\/a><figcaption class=\"blocks-gallery-item__caption\">Uitkyk<\/figcaption><\/figure><\/li><\/ul><\/figure>\n\n\n\n<p>Da wir doch einige H\u00f6henmeter gemacht haben, sind wir nun auf der gleichen H\u00f6he wie die zahlreichen Wolken, die an uns vorbeiziehen. Wir sind nicht b\u00f6se dar\u00fcber, dass das Thermometer nicht allzu hoch ansteigt. Heute ist perfektes Wanderwetter.<\/p>\n\n\n\n<p>Der Abstieg (auch 1,5 h) erfolgt auf dem gleichen Weg wie der Aufstieg durch die typische Fynbos-Vegetation: Erika, Protea und Gr\u00e4ser. Wir sind fasziniert, welche Vielfalt von Pflanzen uns hier begegnet und wieder k\u00f6nnen wir gar nicht genug bekommen von dieser einzigartigen Natur<\/p>\n\n\n\n<figure class=\"wp-block-gallery columns-2 is-cropped wp-block-gallery-5 is-layout-flex wp-block-gallery-is-layout-flex\"><ul class=\"blocks-gallery-grid\"><li class=\"blocks-gallery-item\"><figure><a href=\"http:\/\/goetzens-auf-reisen.com\/wp-content\/uploads\/2020\/07\/IMG_2178.jpg\"><img loading=\"lazy\" decoding=\"async\" width=\"1024\" height=\"682\" src=\"http:\/\/goetzens-auf-reisen.com\/wp-content\/uploads\/2020\/07\/IMG_2178-1024x682.jpg\" alt=\"\" data-id=\"2438\" data-full-url=\"http:\/\/goetzens-auf-reisen.com\/wp-content\/uploads\/2020\/07\/IMG_2178.jpg\" data-link=\"http:\/\/goetzens-auf-reisen.com\/?attachment_id=2438\" class=\"wp-image-2438\" srcset=\"https:\/\/goetzens-auf-reisen.com\/wp-content\/uploads\/2020\/07\/IMG_2178-1024x682.jpg 1024w, https:\/\/goetzens-auf-reisen.com\/wp-content\/uploads\/2020\/07\/IMG_2178-300x200.jpg 300w, https:\/\/goetzens-auf-reisen.com\/wp-content\/uploads\/2020\/07\/IMG_2178-768x512.jpg 768w, https:\/\/goetzens-auf-reisen.com\/wp-content\/uploads\/2020\/07\/IMG_2178-1536x1024.jpg 1536w, https:\/\/goetzens-auf-reisen.com\/wp-content\/uploads\/2020\/07\/IMG_2178-2048x1365.jpg 2048w\" sizes=\"auto, (max-width: 767px) 89vw, (max-width: 1000px) 54vw, (max-width: 1071px) 543px, 580px\" \/><\/a><\/figure><\/li><li class=\"blocks-gallery-item\"><figure><a href=\"http:\/\/goetzens-auf-reisen.com\/wp-content\/uploads\/2020\/07\/IMG_2199.jpg\"><img loading=\"lazy\" decoding=\"async\" width=\"1024\" height=\"682\" src=\"http:\/\/goetzens-auf-reisen.com\/wp-content\/uploads\/2020\/07\/IMG_2199-1024x682.jpg\" alt=\"\" data-id=\"2440\" data-full-url=\"http:\/\/goetzens-auf-reisen.com\/wp-content\/uploads\/2020\/07\/IMG_2199.jpg\" data-link=\"http:\/\/goetzens-auf-reisen.com\/?attachment_id=2440\" class=\"wp-image-2440\" srcset=\"https:\/\/goetzens-auf-reisen.com\/wp-content\/uploads\/2020\/07\/IMG_2199-1024x682.jpg 1024w, https:\/\/goetzens-auf-reisen.com\/wp-content\/uploads\/2020\/07\/IMG_2199-300x200.jpg 300w, https:\/\/goetzens-auf-reisen.com\/wp-content\/uploads\/2020\/07\/IMG_2199-768x512.jpg 768w, https:\/\/goetzens-auf-reisen.com\/wp-content\/uploads\/2020\/07\/IMG_2199-1536x1024.jpg 1536w, https:\/\/goetzens-auf-reisen.com\/wp-content\/uploads\/2020\/07\/IMG_2199-2048x1365.jpg 2048w\" sizes=\"auto, (max-width: 767px) 89vw, (max-width: 1000px) 54vw, (max-width: 1071px) 543px, 580px\" \/><\/a><\/figure><\/li><\/ul><\/figure>\n\n\n\n<p>So machen wir noch eine \u201eExtratour\u201c auf den Aussichtspunkt \u201evista\u201c. Von hier aus schweift unser Blick durch das gesamte Franschhoek-Tal hindurch in die Ferne.<\/p>\n\n\n\n<figure class=\"wp-block-gallery columns-2 is-cropped wp-block-gallery-6 is-layout-flex wp-block-gallery-is-layout-flex\"><ul class=\"blocks-gallery-grid\"><li class=\"blocks-gallery-item\"><figure><a href=\"http:\/\/goetzens-auf-reisen.com\/wp-content\/uploads\/2020\/07\/IMG_2205.jpg\"><img loading=\"lazy\" decoding=\"async\" width=\"1024\" height=\"682\" src=\"http:\/\/goetzens-auf-reisen.com\/wp-content\/uploads\/2020\/07\/IMG_2205-1024x682.jpg\" alt=\"\" data-id=\"2441\" data-full-url=\"http:\/\/goetzens-auf-reisen.com\/wp-content\/uploads\/2020\/07\/IMG_2205.jpg\" data-link=\"http:\/\/goetzens-auf-reisen.com\/?attachment_id=2441\" class=\"wp-image-2441\" srcset=\"https:\/\/goetzens-auf-reisen.com\/wp-content\/uploads\/2020\/07\/IMG_2205-1024x682.jpg 1024w, https:\/\/goetzens-auf-reisen.com\/wp-content\/uploads\/2020\/07\/IMG_2205-300x200.jpg 300w, https:\/\/goetzens-auf-reisen.com\/wp-content\/uploads\/2020\/07\/IMG_2205-768x512.jpg 768w, https:\/\/goetzens-auf-reisen.com\/wp-content\/uploads\/2020\/07\/IMG_2205-1536x1024.jpg 1536w, https:\/\/goetzens-auf-reisen.com\/wp-content\/uploads\/2020\/07\/IMG_2205-2048x1365.jpg 2048w\" sizes=\"auto, (max-width: 767px) 89vw, (max-width: 1000px) 54vw, (max-width: 1071px) 543px, 580px\" \/><\/a><figcaption class=\"blocks-gallery-item__caption\">\u201evista\u201c<\/figcaption><\/figure><\/li><li class=\"blocks-gallery-item\"><figure><a href=\"http:\/\/goetzens-auf-reisen.com\/wp-content\/uploads\/2020\/07\/IMG_2214-2.jpg\"><img loading=\"lazy\" decoding=\"async\" width=\"1024\" height=\"682\" src=\"http:\/\/goetzens-auf-reisen.com\/wp-content\/uploads\/2020\/07\/IMG_2214-2-1024x682.jpg\" alt=\"\" data-id=\"2442\" data-full-url=\"http:\/\/goetzens-auf-reisen.com\/wp-content\/uploads\/2020\/07\/IMG_2214-2.jpg\" data-link=\"http:\/\/goetzens-auf-reisen.com\/?attachment_id=2442\" class=\"wp-image-2442\" srcset=\"https:\/\/goetzens-auf-reisen.com\/wp-content\/uploads\/2020\/07\/IMG_2214-2-1024x682.jpg 1024w, https:\/\/goetzens-auf-reisen.com\/wp-content\/uploads\/2020\/07\/IMG_2214-2-300x200.jpg 300w, https:\/\/goetzens-auf-reisen.com\/wp-content\/uploads\/2020\/07\/IMG_2214-2-768x512.jpg 768w, https:\/\/goetzens-auf-reisen.com\/wp-content\/uploads\/2020\/07\/IMG_2214-2-1536x1024.jpg 1536w, https:\/\/goetzens-auf-reisen.com\/wp-content\/uploads\/2020\/07\/IMG_2214-2-2048x1365.jpg 2048w\" sizes=\"auto, (max-width: 767px) 89vw, (max-width: 1000px) 54vw, (max-width: 1071px) 543px, 580px\" \/><\/a><figcaption class=\"blocks-gallery-item__caption\">Frranschhoek<\/figcaption><\/figure><\/li><\/ul><\/figure>\n\n\n\n<p>Gegen 13:30 Uhr sind wir zur\u00fcck am Auto. Wir fahren zur\u00fcck ins Corner House um zu duschen und uns f\u00fcr das Tasting bei La Motte frisch zu machen. Da mal wieder \u201eloadshed\u201c ist, bleibt das Wasser allerdings kalt und der F\u00f6n l\u00e4uft auch nicht! Loadshed hei\u00dfen die t\u00e4glichen (!) planm\u00e4\u00dfigen Stromabschaltungen, die 2- bis 3-mal t\u00e4glich f\u00fcr meistens 2 Stunden stattfinden. So starten wir erfrischter als gewollt (wegen des kalten Wassers) zum Weingut La Motte.<\/p>\n\n\n\n<p>Schon 2015 hatten wir es besucht und da es uns damals so gut gefiel und die Weine erstklassig sind, steht es heute \u201eauf unserer Liste\u201c. Au\u00dferdem hatten wir damals keine Zeit, bei La Motte zu Mittag zu essen. Das wollen wir heute nachholen. Das Restaurant ist f\u00fcr seine Qualit\u00e4t bekannt. Drau\u00dfen im Garten k\u00f6nnen wir wunderbar unter uralten Eichen in h\u00f6lzernen Loungem\u00f6beln sitzen und unseren Lunch einnehmen: African Cheese Platter (w) und Harvest Plate (a), abgeschlossen durch je ein St\u00fcck Kuchen zum Espresso.<\/p>\n\n\n\n<figure class=\"wp-block-gallery columns-2 is-cropped wp-block-gallery-7 is-layout-flex wp-block-gallery-is-layout-flex\"><ul class=\"blocks-gallery-grid\"><li class=\"blocks-gallery-item\"><figure><a href=\"http:\/\/goetzens-auf-reisen.com\/wp-content\/uploads\/2020\/07\/IMG_2236.jpg\"><img loading=\"lazy\" decoding=\"async\" width=\"1024\" height=\"682\" src=\"http:\/\/goetzens-auf-reisen.com\/wp-content\/uploads\/2020\/07\/IMG_2236-1024x682.jpg\" alt=\"\" data-id=\"2444\" data-full-url=\"http:\/\/goetzens-auf-reisen.com\/wp-content\/uploads\/2020\/07\/IMG_2236.jpg\" data-link=\"http:\/\/goetzens-auf-reisen.com\/?attachment_id=2444\" class=\"wp-image-2444\" srcset=\"https:\/\/goetzens-auf-reisen.com\/wp-content\/uploads\/2020\/07\/IMG_2236-1024x682.jpg 1024w, https:\/\/goetzens-auf-reisen.com\/wp-content\/uploads\/2020\/07\/IMG_2236-300x200.jpg 300w, https:\/\/goetzens-auf-reisen.com\/wp-content\/uploads\/2020\/07\/IMG_2236-768x512.jpg 768w, https:\/\/goetzens-auf-reisen.com\/wp-content\/uploads\/2020\/07\/IMG_2236-1536x1024.jpg 1536w, https:\/\/goetzens-auf-reisen.com\/wp-content\/uploads\/2020\/07\/IMG_2236-2048x1365.jpg 2048w\" sizes=\"auto, (max-width: 767px) 89vw, (max-width: 1000px) 54vw, (max-width: 1071px) 543px, 580px\" \/><\/a><figcaption class=\"blocks-gallery-item__caption\">Harvest Plate<\/figcaption><\/figure><\/li><li class=\"blocks-gallery-item\"><figure><a href=\"http:\/\/goetzens-auf-reisen.com\/wp-content\/uploads\/2020\/07\/IMG_2234.jpg\"><img loading=\"lazy\" decoding=\"async\" width=\"1024\" height=\"682\" src=\"http:\/\/goetzens-auf-reisen.com\/wp-content\/uploads\/2020\/07\/IMG_2234-1024x682.jpg\" alt=\"\" data-id=\"2443\" data-full-url=\"http:\/\/goetzens-auf-reisen.com\/wp-content\/uploads\/2020\/07\/IMG_2234.jpg\" data-link=\"http:\/\/goetzens-auf-reisen.com\/?attachment_id=2443\" class=\"wp-image-2443\" srcset=\"https:\/\/goetzens-auf-reisen.com\/wp-content\/uploads\/2020\/07\/IMG_2234-1024x682.jpg 1024w, https:\/\/goetzens-auf-reisen.com\/wp-content\/uploads\/2020\/07\/IMG_2234-300x200.jpg 300w, https:\/\/goetzens-auf-reisen.com\/wp-content\/uploads\/2020\/07\/IMG_2234-768x512.jpg 768w, https:\/\/goetzens-auf-reisen.com\/wp-content\/uploads\/2020\/07\/IMG_2234-1536x1024.jpg 1536w, https:\/\/goetzens-auf-reisen.com\/wp-content\/uploads\/2020\/07\/IMG_2234-2048x1365.jpg 2048w\" sizes=\"auto, (max-width: 767px) 89vw, (max-width: 1000px) 54vw, (max-width: 1071px) 543px, 580px\" \/><\/a><figcaption class=\"blocks-gallery-item__caption\">Garten von La Motte<\/figcaption><\/figure><\/li><\/ul><\/figure>\n\n\n\n<p>Seit mehr als 300 Jahren wird hier Wein gemacht. Der Tastingroom ist hell und freundlich, Ziegelmauerwerk und helles Holz, sowie eine liebevolle Dekoration sorgen f\u00fcr Behaglichkeit. Durch gro\u00dfe Glasscheiben kann man in den Fass-Keller mit mehreren hundert 300-Liter-F\u00e4ssern schauen und in den G\u00e4rkeller mit seinen Stahltanks. Leider ist es sehr laut im Verkostungsraum und auch mit der Vorstellung der Weine bin ich nicht sehr zufrieden. Die Kommentare sind auswendig gelernte S\u00e4tze und einfachste Fragen k\u00f6nnen nicht beantwortet werden. <a href=\"https:\/\/goetzens-auf-reisen.com\/?page_id=137\">Aber die Weine sind spitze! <\/a><\/p>\n\n\n\n<figure class=\"wp-block-gallery columns-1 is-cropped wp-block-gallery-8 is-layout-flex wp-block-gallery-is-layout-flex\"><ul class=\"blocks-gallery-grid\"><li class=\"blocks-gallery-item\"><figure><a href=\"http:\/\/goetzens-auf-reisen.com\/wp-content\/uploads\/2020\/07\/IMG_2252.jpg\"><img loading=\"lazy\" decoding=\"async\" width=\"1024\" height=\"682\" src=\"http:\/\/goetzens-auf-reisen.com\/wp-content\/uploads\/2020\/07\/IMG_2252-1024x682.jpg\" alt=\"\" data-id=\"2445\" data-full-url=\"http:\/\/goetzens-auf-reisen.com\/wp-content\/uploads\/2020\/07\/IMG_2252.jpg\" data-link=\"http:\/\/goetzens-auf-reisen.com\/?attachment_id=2445\" class=\"wp-image-2445\" srcset=\"https:\/\/goetzens-auf-reisen.com\/wp-content\/uploads\/2020\/07\/IMG_2252-1024x682.jpg 1024w, https:\/\/goetzens-auf-reisen.com\/wp-content\/uploads\/2020\/07\/IMG_2252-300x200.jpg 300w, https:\/\/goetzens-auf-reisen.com\/wp-content\/uploads\/2020\/07\/IMG_2252-768x512.jpg 768w, https:\/\/goetzens-auf-reisen.com\/wp-content\/uploads\/2020\/07\/IMG_2252-1536x1024.jpg 1536w, https:\/\/goetzens-auf-reisen.com\/wp-content\/uploads\/2020\/07\/IMG_2252-2048x1365.jpg 2048w\" sizes=\"auto, (max-width: 767px) 89vw, (max-width: 1000px) 54vw, (max-width: 1071px) 543px, 580px\" \/><\/a><figcaption class=\"blocks-gallery-item__caption\">Tasting bei La Motte<\/figcaption><\/figure><\/li><\/ul><\/figure>\n\n\n\n<p>Kurz nach 5 Uhr fahren wir wieder durch die Pforte des Weinguts ins Zentrum von Franschhoek. Wir bummeln ein wenig in der Stadt. Hier kann man sich v\u00f6llig unbesorgt bewegen und das nicht nur bei Tag, sondern auch bei Dunkelheit auf dem R\u00fcckweg vom Dinner. Franschhoek ist eine wirklich sichere Stadt.<\/p>\n\n\n\n<figure class=\"wp-block-gallery columns-1 is-cropped wp-block-gallery-9 is-layout-flex wp-block-gallery-is-layout-flex\"><ul class=\"blocks-gallery-grid\"><li class=\"blocks-gallery-item\"><figure><a href=\"http:\/\/goetzens-auf-reisen.com\/wp-content\/uploads\/2020\/07\/IMG_2276.jpg\"><img loading=\"lazy\" decoding=\"async\" width=\"1024\" height=\"682\" src=\"http:\/\/goetzens-auf-reisen.com\/wp-content\/uploads\/2020\/07\/IMG_2276-1024x682.jpg\" alt=\"\" data-id=\"2446\" data-full-url=\"http:\/\/goetzens-auf-reisen.com\/wp-content\/uploads\/2020\/07\/IMG_2276.jpg\" data-link=\"http:\/\/goetzens-auf-reisen.com\/?attachment_id=2446\" class=\"wp-image-2446\" srcset=\"https:\/\/goetzens-auf-reisen.com\/wp-content\/uploads\/2020\/07\/IMG_2276-1024x682.jpg 1024w, https:\/\/goetzens-auf-reisen.com\/wp-content\/uploads\/2020\/07\/IMG_2276-300x200.jpg 300w, https:\/\/goetzens-auf-reisen.com\/wp-content\/uploads\/2020\/07\/IMG_2276-768x512.jpg 768w, https:\/\/goetzens-auf-reisen.com\/wp-content\/uploads\/2020\/07\/IMG_2276-1536x1024.jpg 1536w, https:\/\/goetzens-auf-reisen.com\/wp-content\/uploads\/2020\/07\/IMG_2276-2048x1365.jpg 2048w\" sizes=\"auto, (max-width: 767px) 89vw, (max-width: 1000px) 54vw, (max-width: 1071px) 543px, 580px\" \/><\/a><figcaption class=\"blocks-gallery-item__caption\">Nederduitse Gereformeerde Kerk &#8211; Franschhoek<\/figcaption><\/figure><\/li><\/ul><\/figure>\n\n\n\n<p>Wir kaufen bei \u201eWoolworth food\u201c ein. Der Laden ist bestens ausgestattet, wie aus dem Ei gepellt und in sehr modernem Chique eingerichtet. Wir finden einige Leckereien, die wir ohne zu kochen zum Abendessen in unserem B&amp;B genie\u00dfen k\u00f6nnen. Dazu gibt es eine Flasche Wein, n\u00e4mlich den \u201eAfrikana\u201c von Solms Delta. Wunderbar! Es muss nicht immer \u201efine dining\u201c sein.<\/p>\n\n\n\n<p>Mal sehen, ob ich es noch schaffe, die Bilder des Tages hochzuladen, oder ob der n\u00e4chste loadshed mir einen Strich durch die Rechnung macht.<\/p>\n","protected":false},"excerpt":{"rendered":"<p>Gesten haben wir uns ausgedacht, dass wir heute mal wieder eine Wanderung machen wollen. In der unmittelbaren N\u00e4he unserer Unterkunft beginnt eine Pass-Stra\u00dfe am Ende des Franschhoek-Tals. Schnell bringt uns die Stra\u00dfe mit einigen Spitzkehren auf die Passh\u00f6he und schon von hier bietet sich uns ein pr\u00e4chtiges Panorama zur\u00fcck ins Tal.<\/p>\n","protected":false},"author":1,"featured_media":0,"comment_status":"closed","ping_status":"closed","sticky":false,"template":"","format":"standard","meta":{"footnotes":""},"categories":[10,9,13,4],"tags":[],"class_list":["post-2434","post","type-post","status-publish","format-standard","hentry","category-essen","category-landschaft","category-wanderung","category-wein"],"_links":{"self":[{"href":"https:\/\/goetzens-auf-reisen.com\/index.php?rest_route=\/wp\/v2\/posts\/2434","targetHints":{"allow":["GET"]}}],"collection":[{"href":"https:\/\/goetzens-auf-reisen.com\/index.php?rest_route=\/wp\/v2\/posts"}],"about":[{"href":"https:\/\/goetzens-auf-reisen.com\/index.php?rest_route=\/wp\/v2\/types\/post"}],"author":[{"embeddable":true,"href":"https:\/\/goetzens-auf-reisen.com\/index.php?rest_route=\/wp\/v2\/users\/1"}],"replies":[{"embeddable":true,"href":"https:\/\/goetzens-auf-reisen.com\/index.php?rest_route=%2Fwp%2Fv2%2Fcomments&post=2434"}],"version-history":[{"count":4,"href":"https:\/\/goetzens-auf-reisen.com\/index.php?rest_route=\/wp\/v2\/posts\/2434\/revisions"}],"predecessor-version":[{"id":2449,"href":"https:\/\/goetzens-auf-reisen.com\/index.php?rest_route=\/wp\/v2\/posts\/2434\/revisions\/2449"}],"wp:attachment":[{"href":"https:\/\/goetzens-auf-reisen.com\/index.php?rest_route=%2Fwp%2Fv2%2Fmedia&parent=2434"}],"wp:term":[{"taxonomy":"category","embeddable":true,"href":"https:\/\/goetzens-auf-reisen.com\/index.php?rest_route=%2Fwp%2Fv2%2Fcategories&post=2434"},{"taxonomy":"post_tag","embeddable":true,"href":"https:\/\/goetzens-auf-reisen.com\/index.php?rest_route=%2Fwp%2Fv2%2Ftags&post=2434"}],"curies":[{"name":"wp","href":"https:\/\/api.w.org\/{rel}","templated":true}]}}