{"id":5292,"date":"2021-10-06T22:10:22","date_gmt":"2021-10-06T20:10:22","guid":{"rendered":"https:\/\/goetzens-auf-reisen.com\/?p=5292"},"modified":"2021-12-17T11:02:54","modified_gmt":"2021-12-17T10:02:54","slug":"das-geht-ja-gut-los-2","status":"publish","type":"post","link":"https:\/\/goetzens-auf-reisen.com\/?p=5292","title":{"rendered":"Das geht ja gut los!"},"content":{"rendered":"\n<p>Eigentlich wollten wir von der Anreise nicht viel berichten. Au\u00dfer vielleicht:&nbsp; Hat alles gut geklappt&nbsp; waren p\u00fcnktlich da \u2013 und so weiter. Leider gibt es nun doch einiges festzuhalten.<\/p>\n\n\n\n<p>Mit ausreichend Puffer fuhr uns Lucas nach Frankfurt an den Flughafen, Check-in, Gep\u00e4ckabgabe, Imbiss einnehmen \u2013 so weit alles OK. Als f\u00fcr alle Flugg\u00e4ste am Gate eine \u00dcberpr\u00fcfung der Corona-Papiere erfolgen sollte, ging der \u00c4rger los. <\/p>\n\n\n\n<!--more-->\n\n\n\n<p>Das war alles so schlecht organisiert, dass die Prozedur \u201eewig\u201c dauerte und sich das Boarding verz\u00f6gerte. Endlich an Bord der Maschine kam der Ablauf wieder ins Stocken, weil es wohl Probleme beim Verladen gab. Statt Abflug um 21.50 Uhr war es dann schon 23:00 Uhr als das Flugzeug von der Parkposition losfuhr. Dann die Durchsage des Piloten, dass es keine Starterlaubnis mehr gibt, da es drei Minuten nach 23 Uhr ist. Der L\u00e4rmschutz l\u00e4sst das nicht zu. Also wieder zur\u00fcck zur Parkposition, Aussteigen, mit dem Taxi nach Wiesbaden in ein Hotel, vier Stunden schlafen und dann wieder mit dem Taxi zum Flughafen. Da das Gep\u00e4ck gestern gar nicht erst ausgeladen wurde, konnten wir gleich zum Gate durchgehen und sollten rechtzeitig boarden, so dass wir um 7:30 Uhr nun endlich unseren Flug nach Windhoek antreten k\u00f6nnen. Aber wieder zieht sich alles hin und wir sind mit mindestens einer halben Stunde Versp\u00e4tung an Bord. Dort verharren wir eine weitere Stunde, denn anstatt abzufliegen gibt es wohl Probleme beim Verladen des Caterings. Fast grenzt es an ein Wunder, dass um 8:30 Uhr der Flug Y4 132 doch noch von Frankfurt abfliegt, um 9 \u00bd Stunden sp\u00e4ter nach einem angenehmen Flug in Windhoek zu landen. Wir hatten uns auf einen Nachtflug mit Schlafen gefreut. Nun wurde es eben ein Tagflug ohne Schlaf und das nach einer Nacht mit nur sehr wenig Schlaf!<\/p>\n\n\n\n<figure class=\"wp-block-gallery columns-1 is-cropped wp-block-gallery-2 is-layout-flex wp-block-gallery-is-layout-flex\"><ul class=\"blocks-gallery-grid\"><li class=\"blocks-gallery-item\"><figure><a href=\"https:\/\/goetzens-auf-reisen.com\/wp-content\/uploads\/2021\/10\/Bild2.jpg\"><img loading=\"lazy\" decoding=\"async\" width=\"480\" height=\"360\" src=\"https:\/\/goetzens-auf-reisen.com\/wp-content\/uploads\/2021\/10\/Bild2.jpg\" alt=\"\" data-id=\"5297\" data-full-url=\"https:\/\/goetzens-auf-reisen.com\/wp-content\/uploads\/2021\/10\/Bild2.jpg\" data-link=\"https:\/\/goetzens-auf-reisen.com\/?attachment_id=5297\" class=\"wp-image-5297\" srcset=\"https:\/\/goetzens-auf-reisen.com\/wp-content\/uploads\/2021\/10\/Bild2.jpg 480w, https:\/\/goetzens-auf-reisen.com\/wp-content\/uploads\/2021\/10\/Bild2-300x225.jpg 300w\" sizes=\"auto, (max-width: 480px) 100vw, 480px\" \/><\/a><\/figure><\/li><\/ul><\/figure>\n\n\n\n<p>Im Vergleich zum Bodenpersonal in Frankfurt arbeiten die afrikanischen \u201eKollegen\u201c in Windhoek \u00e4u\u00dferst effizient! Bereits genau eine Stunde nach dem Touchdown haben wir die Corona-Kontrolle, das Fiebermessen und die Einreisekontrolle durchlaufen und unser Gep\u00e4ck steht bereit. <\/p>\n\n\n\n<figure class=\"wp-block-gallery columns-1 is-cropped wp-block-gallery-3 is-layout-flex wp-block-gallery-is-layout-flex\"><ul class=\"blocks-gallery-grid\"><li class=\"blocks-gallery-item\"><figure><a href=\"https:\/\/goetzens-auf-reisen.com\/wp-content\/uploads\/2021\/11\/HBRK3465-scaled.jpg\"><img loading=\"lazy\" decoding=\"async\" width=\"1024\" height=\"576\" src=\"https:\/\/goetzens-auf-reisen.com\/wp-content\/uploads\/2021\/11\/HBRK3465-1024x576.jpg\" alt=\"\" data-id=\"6241\" data-full-url=\"https:\/\/goetzens-auf-reisen.com\/wp-content\/uploads\/2021\/11\/HBRK3465-scaled.jpg\" data-link=\"https:\/\/goetzens-auf-reisen.com\/?attachment_id=6241\" class=\"wp-image-6241\" srcset=\"https:\/\/goetzens-auf-reisen.com\/wp-content\/uploads\/2021\/11\/HBRK3465-1024x576.jpg 1024w, https:\/\/goetzens-auf-reisen.com\/wp-content\/uploads\/2021\/11\/HBRK3465-300x169.jpg 300w, https:\/\/goetzens-auf-reisen.com\/wp-content\/uploads\/2021\/11\/HBRK3465-768x432.jpg 768w, https:\/\/goetzens-auf-reisen.com\/wp-content\/uploads\/2021\/11\/HBRK3465-1536x864.jpg 1536w, https:\/\/goetzens-auf-reisen.com\/wp-content\/uploads\/2021\/11\/HBRK3465-2048x1152.jpg 2048w\" sizes=\"auto, (max-width: 767px) 89vw, (max-width: 1000px) 54vw, (max-width: 1071px) 543px, 580px\" \/><\/a><\/figure><\/li><\/ul><\/figure>\n\n\n\n<p>Ein Fahrer, der von Africamper organisiert wurde, holt uns ab und f\u00e4hrt uns zum Hotel Arebbusch, das wir heute Morgen von Frankfurt aus noch schnell gebucht hatten. Dort treffen wir genau um 20 Uhr ein. Die Pizza mit Kudufleisch, die wir uns teilen und der Salat munden sehr gut und der Anthonij Ruppert Optima ist eine Offenbarung.<\/p>\n\n\n\n<figure class=\"wp-block-gallery columns-1 is-cropped wp-block-gallery-4 is-layout-flex wp-block-gallery-is-layout-flex\"><ul class=\"blocks-gallery-grid\"><li class=\"blocks-gallery-item\"><figure><a href=\"https:\/\/goetzens-auf-reisen.com\/wp-content\/uploads\/2021\/10\/Bild1.jpg\"><img loading=\"lazy\" decoding=\"async\" width=\"480\" height=\"360\" src=\"https:\/\/goetzens-auf-reisen.com\/wp-content\/uploads\/2021\/10\/Bild1.jpg\" alt=\"\" data-id=\"5296\" data-full-url=\"https:\/\/goetzens-auf-reisen.com\/wp-content\/uploads\/2021\/10\/Bild1.jpg\" data-link=\"https:\/\/goetzens-auf-reisen.com\/?attachment_id=5296\" class=\"wp-image-5296\" srcset=\"https:\/\/goetzens-auf-reisen.com\/wp-content\/uploads\/2021\/10\/Bild1.jpg 480w, https:\/\/goetzens-auf-reisen.com\/wp-content\/uploads\/2021\/10\/Bild1-300x225.jpg 300w\" sizes=\"auto, (max-width: 480px) 100vw, 480px\" \/><\/a><\/figure><\/li><\/ul><\/figure>\n\n\n\n<p>Statt auf der D\u00fcsternbrook Guest Farm verbringen wir nun die erste Nacht in Windhoek und werden erst morgen Fr\u00fch unseren Camper in Empfang nehmen, einkaufen und dann, wie geplant, zum Waterberg fahren.<\/p>\n","protected":false},"excerpt":{"rendered":"<p>Eigentlich wollten wir von der Anreise nicht viel berichten. Au\u00dfer vielleicht:&nbsp; Hat alles gut geklappt&nbsp; waren p\u00fcnktlich da \u2013 und so weiter. Leider gibt es nun doch einiges festzuhalten. Mit ausreichend Puffer fuhr uns Lucas nach Frankfurt an den Flughafen, Check-in, Gep\u00e4ckabgabe, Imbiss einnehmen \u2013 so weit alles OK. Als f\u00fcr alle Flugg\u00e4ste am Gate &hellip; <\/p>\n<p class=\"link-more\"><a href=\"https:\/\/goetzens-auf-reisen.com\/?p=5292\" class=\"more-link\"><span class=\"screen-reader-text\">\u201eDas geht ja gut los!\u201c<\/span> weiterlesen<\/a><\/p>\n","protected":false},"author":1,"featured_media":0,"comment_status":"closed","ping_status":"closed","sticky":false,"template":"","format":"standard","meta":{"footnotes":""},"categories":[6],"tags":[],"class_list":["post-5292","post","type-post","status-publish","format-standard","hentry","category-an-und-abreise"],"_links":{"self":[{"href":"https:\/\/goetzens-auf-reisen.com\/index.php?rest_route=\/wp\/v2\/posts\/5292","targetHints":{"allow":["GET"]}}],"collection":[{"href":"https:\/\/goetzens-auf-reisen.com\/index.php?rest_route=\/wp\/v2\/posts"}],"about":[{"href":"https:\/\/goetzens-auf-reisen.com\/index.php?rest_route=\/wp\/v2\/types\/post"}],"author":[{"embeddable":true,"href":"https:\/\/goetzens-auf-reisen.com\/index.php?rest_route=\/wp\/v2\/users\/1"}],"replies":[{"embeddable":true,"href":"https:\/\/goetzens-auf-reisen.com\/index.php?rest_route=%2Fwp%2Fv2%2Fcomments&post=5292"}],"version-history":[{"count":4,"href":"https:\/\/goetzens-auf-reisen.com\/index.php?rest_route=\/wp\/v2\/posts\/5292\/revisions"}],"predecessor-version":[{"id":6285,"href":"https:\/\/goetzens-auf-reisen.com\/index.php?rest_route=\/wp\/v2\/posts\/5292\/revisions\/6285"}],"wp:attachment":[{"href":"https:\/\/goetzens-auf-reisen.com\/index.php?rest_route=%2Fwp%2Fv2%2Fmedia&parent=5292"}],"wp:term":[{"taxonomy":"category","embeddable":true,"href":"https:\/\/goetzens-auf-reisen.com\/index.php?rest_route=%2Fwp%2Fv2%2Fcategories&post=5292"},{"taxonomy":"post_tag","embeddable":true,"href":"https:\/\/goetzens-auf-reisen.com\/index.php?rest_route=%2Fwp%2Fv2%2Ftags&post=5292"}],"curies":[{"name":"wp","href":"https:\/\/api.w.org\/{rel}","templated":true}]}}